{"id":160596,"date":"2020-11-11T14:12:46","date_gmt":"2020-11-11T12:12:46","guid":{"rendered":"https:\/\/marchecountryhomes.com\/il-balcone-della-vallesina-e-il-suo-vino\/"},"modified":"2020-11-11T20:04:11","modified_gmt":"2020-11-11T18:04:11","slug":"il-balcone-della-vallesina-e-il-suo-vino","status":"publish","type":"post","link":"https:\/\/marchecountryhomes.com\/de\/il-balcone-della-vallesina-e-il-suo-vino\/","title":{"rendered":"Die Terrasse auf das Esino-Tal und sein Wein"},"content":{"rendered":"<p>[vc_row][vc_column][vc_column_text css_animation=&#8220;fadeIn&#8220;]Staffolo bietet von 400 Metern H\u00f6he, wie zahlreiche Gemeinden der Marken, die sich auf den Anh\u00f6hen der H\u00fcgel befinden, ein bezauberndes und weitl\u00e4ufiges Panorama. Von der Panoramaterrasse der Ortschaft kann man auf drei T\u00e4ler blicken: das Tal des Flusses Esino, das Tal des Flusses Misa und auf das des Musone-Flusses. An klaren Tagen kann man bis zur Adria blicken und man kann sogar kroatische Inseln erblicken.<\/p>\n<p><img fetchpriority=\"high\" decoding=\"async\" class=\"aligncenter size-medium\" src=\"https:\/\/pbs.twimg.com\/media\/EJ0khSYXsAE19eP.jpg\" width=\"680\" height=\"315\" \/><br \/>\nDer Name Staffolo f\u00fchrt zu verschiedenen legend\u00e4ren Herk\u00fcnften: aus dem Griechischen \u201eStaffilia\u201c bedeutet es Weintraube, als Beweis der Charakteristik seines Anbaugebietes; eine andere Legende sagt, dass Staffilo, Sohn von Arianne und Teseus, den Ort gegr\u00fcndet haben soll, eine dritte Legende, auf Grund seiner Lage zwischen byzantinischen L\u00e4ndern und den Herz\u00f6gen von Spoleto, sagt, dass der longobardische Ausdruck \u201eStaffil\u201c Grenzposten bedeutet.<br \/>\nDas Zentrum der Ortschaft hat eine mittelalterliche elliptische Form, umgeben von einer Stadtmauer, an der sich zwei Tore befinden, eines im Norden, das andere im S\u00fcden, um in die Stadt zu kommen, im Inneren befindet sich der Albornoz-Turm aus dem 13. Jahrhundert und mehrere andere T\u00fcrme, davon einige bis heute bewohnt.<br \/>\nDer Anbau der Verdicchio-Rebe war immer schon von gro\u00dfer Bedeutung f\u00fcr die Wirtschaft des Landes und bis heute ist der Stolz der Stadt mit dem Wein verbunden, zu jeder Zeit bekannt auf der ganzen Welt: aus dem 14. Jahrhundert stammt das Dokument von Matteo Villani, der das \u201eSchloss von Staffole, reich an viel Wein\u201c beschreibt.<br \/>\nEs handelt sich um einen Wein ganz besonderer Art, der 1968 die Qualit\u00e4tsbezeichnung DOC erhalten hat und seit 2010 zus\u00e4tzlich garantierter Herkunft ist: DOCG klassischer Verdicchio der Schl\u00f6sser von Jesi und DOCG Verdiccchio aus Jesi, mit 85% wird er mit Trauben der gleichnamigen Rebe hergestellt; der restliche Anteil kann aus anderen Rebsorten kommen, wie zum Beispiel Malvasia aus der Toskana oder Trebbiano, auch wenn generell die Tendenz besteht, den Wein ausschlie\u00dflich aus Verdicchiotrauben zu machen.<br \/>\nDie Produktion des klassischen Verdicchio DOCG erfolgt in den Gemeinden, die in den T\u00e4lern am Esino-Fluss liegen, im Gebiet, das von Ostra-Arcevia bis s\u00fcdlich Cupramontana-Apiro geht. Au\u00dferhalb dieses Gebietes wird der Verdicchio der Schl\u00f6sser von Jesi DOCG hergestellt.<br \/>\nDiese Rebe bietet die M\u00f6glichkeit, den Wein unterschiedlich zu machen: Dank seiner Struktur, dank des Bodens und dank des Mikroklimas des Landes k\u00f6nnen die Trauben als Sekt, Trockenwein, Reserve und S\u00fc\u00dfwein verarbeitet werden und aus dem Trester kann hervorragende Grappa gewonnen werden.<br \/>\nDer Verdicchio hat die typische helle Farbe, mit gr\u00fcnem Schimmer, er hat einen lieblichen Duft und eine angenehme Frische, dank des Duftes nach wilden Blumen und nach Wei\u00dfdorn, nach leichtem Obstgeruch von Pfirsich, Apfel und Zitrusfr\u00fcchten, und einem besondersartigem Nachgeschmack von Bittermandel.<br \/>\nEr eignet sich besonders zu Vorspeisen, Fisch und Gegrilltem. Aber er passt auch ausgezeichnet zu hellen Fleischgerichten, wie zum Beispiel Kaninchen mit So\u00dfen oder gerollt und gebraten mit wildem Fenchel, so wie es Brauch ist in den Marken.<br \/>\nDie Restaurants und die Gastst\u00e4tten in der Dorfmitte laden zu Weinproben mit einheimischen gastronomischen Spezialit\u00e4ten ein und die B\u00e4ckerei der Ortschaft bietet ein typisches Lokalgeb\u00e4ck an, genannt \u201ecavallucci\u201c, d.h. Pferdchen, mit einer F\u00fcllung aus Mandeln und Mostwein.<br \/>\nStaffolo zu besichtigen, bietet die M\u00f6glichkeit, seine l\u00e4ndliche Kultur kennenzulernen, sowie seine Gastronomie und seine Traditionen. Diesbez\u00fcglich ist ein Besuch des Weinmuseums und der b\u00e4uerlichen Kultur sowie die \u00d6nothek zu empfehlen. An den sogenannten Tagen der offenen Weinkellereien \u201ecantine aperte\u201c, oder nach Vereinbarung, kann man die Weinkellereien besichtigen. Die bekanntesten organisieren Besichtigungen mit F\u00fchrung und Weinproben, aber auch in den kleineren kann man ausgezeichnete Produkte finden.<br \/>\nIm Juli kann man am \u201ePremio citt\u00e0 di Staffolo\u201c bewohnen, dieser Preis zeichnet zeitgen\u00f6ssische K\u00fcnstler aus, w\u00e4hrend in der dritten Augustwoche das Verdicchio-Fest stattfindet, mit vielen Vortr\u00e4gen, Tanz, Musik und Ausstellungen zum Thema Landwirtschaft. Eine gute Gelegenheit, um das Land und seine Produkte in einem gastfreundlichen und freudigen Kontext kennenzulernen.[\/vc_column_text][\/vc_column][\/vc_row][vc_row][vc_column][vc_column_text css_animation=&#8220;fadeIn&#8220;]<strong>Carla Virili<\/strong>[\/vc_column_text][\/vc_column][\/vc_row][vc_row][vc_column][vc_message css_animation=&#8220;fadeIn&#8220;]Weinproduzenten von Verdicchio in Staffolo:<br \/>\nFattoria Coroncino +39 0731 779494<br \/>\nFinocchi Viticoltori +39 0731 779573<br \/>\nFulvia Tombolini Castelfiora +39 0731 770330<br \/>\nLa Staffa +39 0731 779810<br \/>\nVignedileo +39 0731 779283<br \/>\nVini Simonetti +39 0731 779264<br \/>\nZaccagnini +39 0731 779892[\/vc_message][\/vc_column][\/vc_row]<\/p>\n","protected":false},"excerpt":{"rendered":"<p>[vc_row][vc_column][vc_column_text css_animation=&#8220;fadeIn&#8220;]Staffolo bietet von 400 Metern H\u00f6he, wie zahlreiche Gemeinden der Marken, die sich auf den Anh\u00f6hen der H\u00fcgel befinden, ein bezauberndes und weitl\u00e4ufiges Panorama. Von der Panoramaterrasse der Ortschaft kann man auf drei T\u00e4ler blicken: das Tal des Flusses Esino, das Tal des Flusses Misa und auf das des Musone-Flusses. An klaren Tagen kann&#8230;<\/p>\n","protected":false},"author":12,"featured_media":160588,"comment_status":"open","ping_status":"open","sticky":false,"template":"","format":"standard","meta":{"footnotes":""},"categories":[577],"tags":[1319,1320,1072,1321,1322],"class_list":["post-160596","post","type-post","status-publish","format-standard","has-post-thumbnail","hentry","category-blog-neueste-artikel","tag-doc-de","tag-il-balcone-della-vallesina-e-il-suo-vino-de","tag-staffolo-de","tag-vallesina-de","tag-vini-de"],"yoast_head":"<!-- This site is optimized with the Yoast SEO plugin v26.8 - https:\/\/yoast.com\/product\/yoast-seo-wordpress\/ -->\n<title>Die Terrasse auf das Esino-Tal und sein Wein - Marche Country Homes<\/title>\n<meta name=\"description\" content=\"Visitare Staffolo permette un tuffo nella cultura agricola, nella gastronomia enelle tradizioni.\" \/>\n<meta name=\"robots\" content=\"index, follow, max-snippet:-1, max-image-preview:large, max-video-preview:-1\" \/>\n<link rel=\"canonical\" href=\"https:\/\/marchecountryhomes.com\/de\/il-balcone-della-vallesina-e-il-suo-vino\/\" \/>\n<meta property=\"og:locale\" content=\"de_DE\" \/>\n<meta property=\"og:type\" content=\"article\" \/>\n<meta property=\"og:title\" content=\"Die Terrasse auf das Esino-Tal und sein Wein - Marche Country Homes\" \/>\n<meta property=\"og:description\" content=\"Visitare Staffolo permette un tuffo nella cultura agricola, nella gastronomia enelle tradizioni.\" \/>\n<meta property=\"og:url\" content=\"https:\/\/marchecountryhomes.com\/de\/il-balcone-della-vallesina-e-il-suo-vino\/\" \/>\n<meta property=\"og:site_name\" content=\"Marche Country Homes\" \/>\n<meta property=\"article:publisher\" content=\"https:\/\/www.facebook.com\/Marche-CountryHomes-447631005268932\/\" \/>\n<meta property=\"article:published_time\" content=\"2020-11-11T12:12:46+00:00\" \/>\n<meta property=\"article:modified_time\" content=\"2020-11-11T18:04:11+00:00\" \/>\n<meta property=\"og:image\" content=\"https:\/\/marchecountryhomes.com\/wp-content\/uploads\/2020\/11\/valessina.jpg\" \/>\n\t<meta property=\"og:image:width\" content=\"769\" \/>\n\t<meta property=\"og:image:height\" content=\"492\" \/>\n\t<meta property=\"og:image:type\" content=\"image\/jpeg\" \/>\n<meta name=\"author\" content=\"Lorenza\" \/>\n<meta name=\"twitter:card\" content=\"summary_large_image\" \/>\n<meta name=\"twitter:creator\" content=\"@marcheproperty\" \/>\n<meta name=\"twitter:site\" content=\"@marcheproperty\" \/>\n<meta name=\"twitter:label1\" content=\"Verfasst von\" \/>\n\t<meta name=\"twitter:data1\" content=\"Lorenza\" \/>\n\t<meta name=\"twitter:label2\" content=\"Gesch\u00e4tzte Lesezeit\" \/>\n\t<meta name=\"twitter:data2\" content=\"4\u00a0Minuten\" \/>\n<script type=\"application\/ld+json\" class=\"yoast-schema-graph\">{\"@context\":\"https:\/\/schema.org\",\"@graph\":[{\"@type\":\"Article\",\"@id\":\"https:\/\/marchecountryhomes.com\/de\/il-balcone-della-vallesina-e-il-suo-vino\/#article\",\"isPartOf\":{\"@id\":\"https:\/\/marchecountryhomes.com\/de\/il-balcone-della-vallesina-e-il-suo-vino\/\"},\"author\":{\"name\":\"Lorenza\",\"@id\":\"https:\/\/marchecountryhomes.com\/de\/#\/schema\/person\/19642933c2f4dc00a34ec53e96fb4639\"},\"headline\":\"Die Terrasse auf das Esino-Tal und sein Wein\",\"datePublished\":\"2020-11-11T12:12:46+00:00\",\"dateModified\":\"2020-11-11T18:04:11+00:00\",\"mainEntityOfPage\":{\"@id\":\"https:\/\/marchecountryhomes.com\/de\/il-balcone-della-vallesina-e-il-suo-vino\/\"},\"wordCount\":736,\"commentCount\":0,\"publisher\":{\"@id\":\"https:\/\/marchecountryhomes.com\/de\/#organization\"},\"image\":{\"@id\":\"https:\/\/marchecountryhomes.com\/de\/il-balcone-della-vallesina-e-il-suo-vino\/#primaryimage\"},\"thumbnailUrl\":\"https:\/\/marchecountryhomes.com\/wp-content\/uploads\/2020\/11\/valessina.jpg\",\"keywords\":[\"DOC\",\"Il balcone della Vallesina e il suo vino\",\"Staffolo\",\"Vallesina\",\"VINI\"],\"articleSection\":[\"Blog - Neueste Artikel\"],\"inLanguage\":\"de\"},{\"@type\":\"WebPage\",\"@id\":\"https:\/\/marchecountryhomes.com\/de\/il-balcone-della-vallesina-e-il-suo-vino\/\",\"url\":\"https:\/\/marchecountryhomes.com\/de\/il-balcone-della-vallesina-e-il-suo-vino\/\",\"name\":\"Die Terrasse auf das Esino-Tal und sein Wein - Marche Country Homes\",\"isPartOf\":{\"@id\":\"https:\/\/marchecountryhomes.com\/de\/#website\"},\"primaryImageOfPage\":{\"@id\":\"https:\/\/marchecountryhomes.com\/de\/il-balcone-della-vallesina-e-il-suo-vino\/#primaryimage\"},\"image\":{\"@id\":\"https:\/\/marchecountryhomes.com\/de\/il-balcone-della-vallesina-e-il-suo-vino\/#primaryimage\"},\"thumbnailUrl\":\"https:\/\/marchecountryhomes.com\/wp-content\/uploads\/2020\/11\/valessina.jpg\",\"datePublished\":\"2020-11-11T12:12:46+00:00\",\"dateModified\":\"2020-11-11T18:04:11+00:00\",\"description\":\"Visitare Staffolo permette un tuffo nella cultura agricola, nella gastronomia enelle tradizioni.\",\"breadcrumb\":{\"@id\":\"https:\/\/marchecountryhomes.com\/de\/il-balcone-della-vallesina-e-il-suo-vino\/#breadcrumb\"},\"inLanguage\":\"de\",\"potentialAction\":[{\"@type\":\"ReadAction\",\"target\":[\"https:\/\/marchecountryhomes.com\/de\/il-balcone-della-vallesina-e-il-suo-vino\/\"]}]},{\"@type\":\"ImageObject\",\"inLanguage\":\"de\",\"@id\":\"https:\/\/marchecountryhomes.com\/de\/il-balcone-della-vallesina-e-il-suo-vino\/#primaryimage\",\"url\":\"https:\/\/marchecountryhomes.com\/wp-content\/uploads\/2020\/11\/valessina.jpg\",\"contentUrl\":\"https:\/\/marchecountryhomes.com\/wp-content\/uploads\/2020\/11\/valessina.jpg\",\"width\":769,\"height\":492},{\"@type\":\"BreadcrumbList\",\"@id\":\"https:\/\/marchecountryhomes.com\/de\/il-balcone-della-vallesina-e-il-suo-vino\/#breadcrumb\",\"itemListElement\":[{\"@type\":\"ListItem\",\"position\":1,\"name\":\"Home\",\"item\":\"https:\/\/marchecountryhomes.com\/de\/\"},{\"@type\":\"ListItem\",\"position\":2,\"name\":\"Die Terrasse auf das Esino-Tal und sein Wein\"}]},{\"@type\":\"WebSite\",\"@id\":\"https:\/\/marchecountryhomes.com\/de\/#website\",\"url\":\"https:\/\/marchecountryhomes.com\/de\/\",\"name\":\"Marche Country Homes\",\"description\":\"Case e casali in vendita nelle Marche\",\"publisher\":{\"@id\":\"https:\/\/marchecountryhomes.com\/de\/#organization\"},\"potentialAction\":[{\"@type\":\"SearchAction\",\"target\":{\"@type\":\"EntryPoint\",\"urlTemplate\":\"https:\/\/marchecountryhomes.com\/de\/?s={search_term_string}\"},\"query-input\":{\"@type\":\"PropertyValueSpecification\",\"valueRequired\":true,\"valueName\":\"search_term_string\"}}],\"inLanguage\":\"de\"},{\"@type\":\"Organization\",\"@id\":\"https:\/\/marchecountryhomes.com\/de\/#organization\",\"name\":\"Marche Country Homes\",\"url\":\"https:\/\/marchecountryhomes.com\/de\/\",\"logo\":{\"@type\":\"ImageObject\",\"inLanguage\":\"de\",\"@id\":\"https:\/\/marchecountryhomes.com\/de\/#\/schema\/logo\/image\/\",\"url\":\"https:\/\/marchecountryhomes.com\/wp-content\/uploads\/2020\/12\/marche-country-homes-logo.png\",\"contentUrl\":\"https:\/\/marchecountryhomes.com\/wp-content\/uploads\/2020\/12\/marche-country-homes-logo.png\",\"width\":168,\"height\":159,\"caption\":\"Marche Country Homes\"},\"image\":{\"@id\":\"https:\/\/marchecountryhomes.com\/de\/#\/schema\/logo\/image\/\"},\"sameAs\":[\"https:\/\/www.facebook.com\/Marche-CountryHomes-447631005268932\/\",\"https:\/\/x.com\/marcheproperty\",\"https:\/\/www.instagram.com\/marchecountryhomes\/\",\"https:\/\/it.pinterest.com\/marchecountryhomes\/\",\"https:\/\/www.youtube.com\/user\/MarcheCountryHomes\"]},{\"@type\":\"Person\",\"@id\":\"https:\/\/marchecountryhomes.com\/de\/#\/schema\/person\/19642933c2f4dc00a34ec53e96fb4639\",\"name\":\"Lorenza\",\"image\":{\"@type\":\"ImageObject\",\"inLanguage\":\"de\",\"@id\":\"https:\/\/marchecountryhomes.com\/de\/#\/schema\/person\/image\/\",\"url\":\"https:\/\/secure.gravatar.com\/avatar\/9d50b493b3af72823d27eb32708d524a?s=96&d=mm&r=g\",\"contentUrl\":\"https:\/\/secure.gravatar.com\/avatar\/9d50b493b3af72823d27eb32708d524a?s=96&d=mm&r=g\",\"caption\":\"Lorenza\"},\"sameAs\":[\"https:\/\/www.mch.it\"]}]}<\/script>\n<!-- \/ Yoast SEO plugin. -->","yoast_head_json":{"title":"Die Terrasse auf das Esino-Tal und sein Wein - Marche Country Homes","description":"Visitare Staffolo permette un tuffo nella cultura agricola, nella gastronomia enelle tradizioni.","robots":{"index":"index","follow":"follow","max-snippet":"max-snippet:-1","max-image-preview":"max-image-preview:large","max-video-preview":"max-video-preview:-1"},"canonical":"https:\/\/marchecountryhomes.com\/de\/il-balcone-della-vallesina-e-il-suo-vino\/","og_locale":"de_DE","og_type":"article","og_title":"Die Terrasse auf das Esino-Tal und sein Wein - Marche Country Homes","og_description":"Visitare Staffolo permette un tuffo nella cultura agricola, nella gastronomia enelle tradizioni.","og_url":"https:\/\/marchecountryhomes.com\/de\/il-balcone-della-vallesina-e-il-suo-vino\/","og_site_name":"Marche Country Homes","article_publisher":"https:\/\/www.facebook.com\/Marche-CountryHomes-447631005268932\/","article_published_time":"2020-11-11T12:12:46+00:00","article_modified_time":"2020-11-11T18:04:11+00:00","og_image":[{"width":769,"height":492,"url":"https:\/\/marchecountryhomes.com\/wp-content\/uploads\/2020\/11\/valessina.jpg","type":"image\/jpeg"}],"author":"Lorenza","twitter_card":"summary_large_image","twitter_creator":"@marcheproperty","twitter_site":"@marcheproperty","twitter_misc":{"Verfasst von":"Lorenza","Gesch\u00e4tzte Lesezeit":"4\u00a0Minuten"},"schema":{"@context":"https:\/\/schema.org","@graph":[{"@type":"Article","@id":"https:\/\/marchecountryhomes.com\/de\/il-balcone-della-vallesina-e-il-suo-vino\/#article","isPartOf":{"@id":"https:\/\/marchecountryhomes.com\/de\/il-balcone-della-vallesina-e-il-suo-vino\/"},"author":{"name":"Lorenza","@id":"https:\/\/marchecountryhomes.com\/de\/#\/schema\/person\/19642933c2f4dc00a34ec53e96fb4639"},"headline":"Die Terrasse auf das Esino-Tal und sein Wein","datePublished":"2020-11-11T12:12:46+00:00","dateModified":"2020-11-11T18:04:11+00:00","mainEntityOfPage":{"@id":"https:\/\/marchecountryhomes.com\/de\/il-balcone-della-vallesina-e-il-suo-vino\/"},"wordCount":736,"commentCount":0,"publisher":{"@id":"https:\/\/marchecountryhomes.com\/de\/#organization"},"image":{"@id":"https:\/\/marchecountryhomes.com\/de\/il-balcone-della-vallesina-e-il-suo-vino\/#primaryimage"},"thumbnailUrl":"https:\/\/marchecountryhomes.com\/wp-content\/uploads\/2020\/11\/valessina.jpg","keywords":["DOC","Il balcone della Vallesina e il suo vino","Staffolo","Vallesina","VINI"],"articleSection":["Blog - Neueste Artikel"],"inLanguage":"de"},{"@type":"WebPage","@id":"https:\/\/marchecountryhomes.com\/de\/il-balcone-della-vallesina-e-il-suo-vino\/","url":"https:\/\/marchecountryhomes.com\/de\/il-balcone-della-vallesina-e-il-suo-vino\/","name":"Die Terrasse auf das Esino-Tal und sein Wein - Marche Country Homes","isPartOf":{"@id":"https:\/\/marchecountryhomes.com\/de\/#website"},"primaryImageOfPage":{"@id":"https:\/\/marchecountryhomes.com\/de\/il-balcone-della-vallesina-e-il-suo-vino\/#primaryimage"},"image":{"@id":"https:\/\/marchecountryhomes.com\/de\/il-balcone-della-vallesina-e-il-suo-vino\/#primaryimage"},"thumbnailUrl":"https:\/\/marchecountryhomes.com\/wp-content\/uploads\/2020\/11\/valessina.jpg","datePublished":"2020-11-11T12:12:46+00:00","dateModified":"2020-11-11T18:04:11+00:00","description":"Visitare Staffolo permette un tuffo nella cultura agricola, nella gastronomia enelle tradizioni.","breadcrumb":{"@id":"https:\/\/marchecountryhomes.com\/de\/il-balcone-della-vallesina-e-il-suo-vino\/#breadcrumb"},"inLanguage":"de","potentialAction":[{"@type":"ReadAction","target":["https:\/\/marchecountryhomes.com\/de\/il-balcone-della-vallesina-e-il-suo-vino\/"]}]},{"@type":"ImageObject","inLanguage":"de","@id":"https:\/\/marchecountryhomes.com\/de\/il-balcone-della-vallesina-e-il-suo-vino\/#primaryimage","url":"https:\/\/marchecountryhomes.com\/wp-content\/uploads\/2020\/11\/valessina.jpg","contentUrl":"https:\/\/marchecountryhomes.com\/wp-content\/uploads\/2020\/11\/valessina.jpg","width":769,"height":492},{"@type":"BreadcrumbList","@id":"https:\/\/marchecountryhomes.com\/de\/il-balcone-della-vallesina-e-il-suo-vino\/#breadcrumb","itemListElement":[{"@type":"ListItem","position":1,"name":"Home","item":"https:\/\/marchecountryhomes.com\/de\/"},{"@type":"ListItem","position":2,"name":"Die Terrasse auf das Esino-Tal und sein Wein"}]},{"@type":"WebSite","@id":"https:\/\/marchecountryhomes.com\/de\/#website","url":"https:\/\/marchecountryhomes.com\/de\/","name":"Marche Country Homes","description":"Case e casali in vendita nelle Marche","publisher":{"@id":"https:\/\/marchecountryhomes.com\/de\/#organization"},"potentialAction":[{"@type":"SearchAction","target":{"@type":"EntryPoint","urlTemplate":"https:\/\/marchecountryhomes.com\/de\/?s={search_term_string}"},"query-input":{"@type":"PropertyValueSpecification","valueRequired":true,"valueName":"search_term_string"}}],"inLanguage":"de"},{"@type":"Organization","@id":"https:\/\/marchecountryhomes.com\/de\/#organization","name":"Marche Country Homes","url":"https:\/\/marchecountryhomes.com\/de\/","logo":{"@type":"ImageObject","inLanguage":"de","@id":"https:\/\/marchecountryhomes.com\/de\/#\/schema\/logo\/image\/","url":"https:\/\/marchecountryhomes.com\/wp-content\/uploads\/2020\/12\/marche-country-homes-logo.png","contentUrl":"https:\/\/marchecountryhomes.com\/wp-content\/uploads\/2020\/12\/marche-country-homes-logo.png","width":168,"height":159,"caption":"Marche Country Homes"},"image":{"@id":"https:\/\/marchecountryhomes.com\/de\/#\/schema\/logo\/image\/"},"sameAs":["https:\/\/www.facebook.com\/Marche-CountryHomes-447631005268932\/","https:\/\/x.com\/marcheproperty","https:\/\/www.instagram.com\/marchecountryhomes\/","https:\/\/it.pinterest.com\/marchecountryhomes\/","https:\/\/www.youtube.com\/user\/MarcheCountryHomes"]},{"@type":"Person","@id":"https:\/\/marchecountryhomes.com\/de\/#\/schema\/person\/19642933c2f4dc00a34ec53e96fb4639","name":"Lorenza","image":{"@type":"ImageObject","inLanguage":"de","@id":"https:\/\/marchecountryhomes.com\/de\/#\/schema\/person\/image\/","url":"https:\/\/secure.gravatar.com\/avatar\/9d50b493b3af72823d27eb32708d524a?s=96&d=mm&r=g","contentUrl":"https:\/\/secure.gravatar.com\/avatar\/9d50b493b3af72823d27eb32708d524a?s=96&d=mm&r=g","caption":"Lorenza"},"sameAs":["https:\/\/www.mch.it"]}]}},"_links":{"self":[{"href":"https:\/\/marchecountryhomes.com\/de\/wp-json\/wp\/v2\/posts\/160596","targetHints":{"allow":["GET"]}}],"collection":[{"href":"https:\/\/marchecountryhomes.com\/de\/wp-json\/wp\/v2\/posts"}],"about":[{"href":"https:\/\/marchecountryhomes.com\/de\/wp-json\/wp\/v2\/types\/post"}],"author":[{"embeddable":true,"href":"https:\/\/marchecountryhomes.com\/de\/wp-json\/wp\/v2\/users\/12"}],"replies":[{"embeddable":true,"href":"https:\/\/marchecountryhomes.com\/de\/wp-json\/wp\/v2\/comments?post=160596"}],"version-history":[{"count":3,"href":"https:\/\/marchecountryhomes.com\/de\/wp-json\/wp\/v2\/posts\/160596\/revisions"}],"predecessor-version":[{"id":160607,"href":"https:\/\/marchecountryhomes.com\/de\/wp-json\/wp\/v2\/posts\/160596\/revisions\/160607"}],"wp:featuredmedia":[{"embeddable":true,"href":"https:\/\/marchecountryhomes.com\/de\/wp-json\/wp\/v2\/media\/160588"}],"wp:attachment":[{"href":"https:\/\/marchecountryhomes.com\/de\/wp-json\/wp\/v2\/media?parent=160596"}],"wp:term":[{"taxonomy":"category","embeddable":true,"href":"https:\/\/marchecountryhomes.com\/de\/wp-json\/wp\/v2\/categories?post=160596"},{"taxonomy":"post_tag","embeddable":true,"href":"https:\/\/marchecountryhomes.com\/de\/wp-json\/wp\/v2\/tags?post=160596"}],"curies":[{"name":"wp","href":"https:\/\/api.w.org\/{rel}","templated":true}]}}